{"id":1,"date":"2026-03-28T14:39:50","date_gmt":"2026-03-28T13:39:50","guid":{"rendered":"http:\/\/aspv-veules.fr\/?p=1"},"modified":"2026-03-28T14:39:50","modified_gmt":"2026-03-28T13:39:50","slug":"bonjour-tout-le-monde","status":"publish","type":"post","link":"https:\/\/aspv-veules.fr\/?p=1","title":{"rendered":"Nos prochaines conf\u00e9rences"},"content":{"rendered":"<h2><strong>Nos prochaines conf\u00e9rences :<\/strong><\/h2>\n<h2><strong>\u00a0Vendredi 10 avril \u00e0 20h30 au REX<\/strong><\/h2>\n<p style=\"text-align: center;\"><a href=\"https:\/\/aspv-veules.fr\/?attachment_id=987\" rel=\"attachment wp-att-987\"><img loading=\"lazy\" decoding=\"async\" class=\"alignnone  wp-image-987\" src=\"http:\/\/aspv-veules.fr\/wp-content\/uploads\/2026\/02\/2026-04-10-La-biodiversite-en-Pays-de-Caux-212x300.jpg\" alt=\"\" width=\"308\" height=\"436\" srcset=\"https:\/\/aspv-veules.fr\/wp-content\/uploads\/2026\/02\/2026-04-10-La-biodiversite-en-Pays-de-Caux-212x300.jpg 212w, https:\/\/aspv-veules.fr\/wp-content\/uploads\/2026\/02\/2026-04-10-La-biodiversite-en-Pays-de-Caux-724x1024.jpg 724w, https:\/\/aspv-veules.fr\/wp-content\/uploads\/2026\/02\/2026-04-10-La-biodiversite-en-Pays-de-Caux-768x1086.jpg 768w, https:\/\/aspv-veules.fr\/wp-content\/uploads\/2026\/02\/2026-04-10-La-biodiversite-en-Pays-de-Caux-1086x1536.jpg 1086w, https:\/\/aspv-veules.fr\/wp-content\/uploads\/2026\/02\/2026-04-10-La-biodiversite-en-Pays-de-Caux-1448x2048.jpg 1448w, https:\/\/aspv-veules.fr\/wp-content\/uploads\/2026\/02\/2026-04-10-La-biodiversite-en-Pays-de-Caux-scaled.jpg 1810w\" sizes=\"(max-width: 308px) 100vw, 308px\" \/><\/a><\/p>\n<h2><span data-olk-copy-source=\"MessageBody\">\u00a0 \u00a0 <strong><em><span style=\"color: #0000ff;\">La biodiversit\u00e9 en Pays de Caux\u00a0<\/span><\/em> <\/strong><\/span><span style=\"color: #0000ff;\"><strong>(quelle biodiversit\u00e9 ? quels Enjeux ?<\/strong> Quels risques avec l\u2019\u00e9volution du climat)<\/span><\/h2>\n<p>par <span data-olk-copy-source=\"MessageBody\"><strong>Richard Gr\u00e8ge<\/strong> et la <strong>Ligue de Protection des Oiseaux de Normandie<\/strong> \u2013 LPO<\/span><\/p>\n<p>Richard Gr\u00e8ge, administrateur et membre du conseil scientifique de la LPO Normandie nous pr\u00e9sentera la<br \/>\nbiodiversit\u00e9 du Pays de Caux et quelques cons\u00e9quences de la modification climatique.<\/p>\n<p>La pr\u00e9sentation sera essentiellement ax\u00e9e sur les oiseaux en Normandie mais pas seulement.<\/p>\n<p>R\u00e9partition des principales esp\u00e8ces et exigences \u00e9cologiques.<\/p>\n<p>Les oiseaux sont un bon indicateur de l&#8217;\u00e9tat de conservation de la biodiversit\u00e9.<\/p>\n<p>Les outils num\u00e9riques de saisie NaturaList et analyse des donn\u00e9es Faune-Normandie seront pr\u00e9sent\u00e9s.<\/p>\n<p>&nbsp;<\/p>\n<h2 class=\"x_x_MsoNormal\"><b><span data-olk-copy-source=\"MessageBody\">Vendredi 29 mai \u00e0 20h30 au REX<\/span><\/b><\/h2>\n<p style=\"text-align: center;\"><a href=\"https:\/\/aspv-veules.fr\/?attachment_id=988\" rel=\"attachment wp-att-988\"><img loading=\"lazy\" decoding=\"async\" class=\"alignnone  wp-image-988\" src=\"http:\/\/aspv-veules.fr\/wp-content\/uploads\/2026\/02\/2026-05-29-Les-secrets-dAnais-Aubert-212x300.jpg\" alt=\"\" width=\"343\" height=\"485\" srcset=\"https:\/\/aspv-veules.fr\/wp-content\/uploads\/2026\/02\/2026-05-29-Les-secrets-dAnais-Aubert-212x300.jpg 212w, https:\/\/aspv-veules.fr\/wp-content\/uploads\/2026\/02\/2026-05-29-Les-secrets-dAnais-Aubert-724x1024.jpg 724w, https:\/\/aspv-veules.fr\/wp-content\/uploads\/2026\/02\/2026-05-29-Les-secrets-dAnais-Aubert-768x1086.jpg 768w, https:\/\/aspv-veules.fr\/wp-content\/uploads\/2026\/02\/2026-05-29-Les-secrets-dAnais-Aubert-1086x1536.jpg 1086w, https:\/\/aspv-veules.fr\/wp-content\/uploads\/2026\/02\/2026-05-29-Les-secrets-dAnais-Aubert-1448x2048.jpg 1448w, https:\/\/aspv-veules.fr\/wp-content\/uploads\/2026\/02\/2026-05-29-Les-secrets-dAnais-Aubert-scaled.jpg 1810w\" sizes=\"(max-width: 343px) 100vw, 343px\" \/><\/a><\/p>\n<h2 class=\"x_x_MsoNormal\"><em><span style=\"color: #0000ff;\">\u00a0 \u00a0 <strong>Les secrets d\u2019Ana\u00efs \u2013 Sa part de myst\u00e8re<\/strong><\/span><\/em><\/h2>\n<p class=\"x_x_MsoNormal\">\u00a0 \u00a0 \u00a0 \u00a0 \u00a0 par <strong>Jean-Fran\u00e7ois Zv\u00e9guintzoff-Danb\u00e9<\/strong> \u2013 Administrateur et secr\u00e9taire de l\u2019ASPV<\/p>\n<h3 class=\"x_x_MsoNormal\">A l&#8217;occasion des f\u00eates et manifestations de la journ\u00e9e &#8220;Le retour d&#8217;Ana\u00efs&#8221; (30 mai), l&#8217;ASPV organise\u00a0:<\/h3>\n<h2 class=\"x_x_MsoNormal\"><span style=\"color: #0000ff;\"><strong>\u00a0 \u00a0 \u00a0 Une exposition <\/strong><\/span><span style=\"color: #0000ff;\"><strong><em>&#8220;Ana\u00efs pros\u00e9lyte et \u00e9g\u00e9rie de Veules&#8221;<\/em><\/strong><\/span><\/h2>\n<p><strong> \u00e0 la chapelle du Couvent des P\u00e9nitents<\/strong><br \/>\n7, avenue du Docteur Michel \u2013 76980 Veules-les-Roses<br \/>\ndu samedi 30 mai au mercredi 03 juin 2026 (10h-12h et 14h-18h \u2013 Entr\u00e9e libre)<\/p>\n<p><b>Inauguration\u00a0<\/b>: Samedi 30 mai \u00e0 11h<\/p>\n<h2 class=\"x_x_MsoNormal\"><b><span data-olk-copy-source=\"MessageBody\">\u00a0<\/span><\/b><\/h2>\n<h2 class=\"x_x_MsoNormal\"><b><span data-olk-copy-source=\"MessageBody\">Vendredi 12 juin \u00e0 20h30 au REX<\/span><\/b><\/h2>\n<p style=\"text-align: center;\"><a href=\"https:\/\/aspv-veules.fr\/?attachment_id=989\" rel=\"attachment wp-att-989\"><img loading=\"lazy\" decoding=\"async\" class=\"alignnone  wp-image-989\" src=\"http:\/\/aspv-veules.fr\/wp-content\/uploads\/2026\/02\/2026-06-12-Veules-a-lheure-allemande-212x300.jpg\" alt=\"\" width=\"353\" height=\"500\" srcset=\"https:\/\/aspv-veules.fr\/wp-content\/uploads\/2026\/02\/2026-06-12-Veules-a-lheure-allemande-212x300.jpg 212w, https:\/\/aspv-veules.fr\/wp-content\/uploads\/2026\/02\/2026-06-12-Veules-a-lheure-allemande-724x1024.jpg 724w, https:\/\/aspv-veules.fr\/wp-content\/uploads\/2026\/02\/2026-06-12-Veules-a-lheure-allemande-768x1086.jpg 768w, https:\/\/aspv-veules.fr\/wp-content\/uploads\/2026\/02\/2026-06-12-Veules-a-lheure-allemande-1086x1536.jpg 1086w, https:\/\/aspv-veules.fr\/wp-content\/uploads\/2026\/02\/2026-06-12-Veules-a-lheure-allemande-1448x2048.jpg 1448w, https:\/\/aspv-veules.fr\/wp-content\/uploads\/2026\/02\/2026-06-12-Veules-a-lheure-allemande-scaled.jpg 1810w\" sizes=\"(max-width: 353px) 100vw, 353px\" \/><\/a><\/p>\n<h2><em><span style=\"color: #0000ff;\">\u00a0 \u00a0<strong> Veules \u00e0 l\u2019heure allemande<\/strong><\/span><\/em><\/h2>\n<p>par <strong>Marc Tabone<\/strong> \u2013 Connaisseur de l\u2019histoire du village pendant cette p\u00e9riode 39-45<\/p>\n<p>&nbsp;<\/p>\n<p>&nbsp;<\/p>\n<p>&nbsp;<\/p>\n<p><strong>Retrouvez les affiches des <span style=\"color: #3366ff;\"><a style=\"color: #3366ff;\" href=\"http:\/\/aspv-veules.fr\/?page_id=90\">conf\u00e9rences d\u00e9j\u00e0 r\u00e9alis\u00e9es<\/a>.<\/span><\/strong><\/p>\n<p>\u00ab\u00a0<em>Des al\u00e9as en cours d&#8217;ann\u00e9e peuvent nous amener \u00e0 apporter des modifications\u00a0au programme. L&#8217;information en sera publi\u00e9e rapidement&#8221;<\/em><\/p>\n<p><span style=\"font-size: 1rem;\">Vous pourrez trouver l&#8217;historique des conf\u00e9rences organis\u00e9es dans le cadre des vendredis du Patrimoine \u00e0 la page &#8220;Conf\u00e9rences&#8221;.<\/span><\/p>\n<div id=\"bk52\" class=\"bk-widget widget-content widget-content-SOK4T9\">\n<p>G\u00e9n\u00e9ralement les conf\u00e9rences se tiennent\u00a0<strong>le 2nd vendredi du mois d&#8217;avril \u00e0 octobre, \u00e0 20h30, salle Ana\u00efs Aubert <\/strong>(Cin\u00e9ma Rex), place des Ecossais<strong>.<\/strong><\/p>\n<p>La participation aux frais est de 5 \u20ac, gratuit pour les adh\u00e9rents \u00e0 l&#8217;ASPV.<\/p>\n<\/div>\n","protected":false},"excerpt":{"rendered":"<p>Nos prochaines conf\u00e9rences : \u00a0Vendredi 10 avril \u00e0 20h30 au REX \u00a0 \u00a0 La biodiversit\u00e9 en Pays de Caux\u00a0 (quelle biodiversit\u00e9 ? quels Enjeux ? Quels risques avec l\u2019\u00e9volution du climat) par Richard Gr\u00e8ge et la Ligue de Protection des Oiseaux de Normandie \u2013 LPO Richard Gr\u00e8ge, administrateur et membre du conseil scientifique de la &hellip; <\/p>\n<p class=\"link-more\"><a href=\"https:\/\/aspv-veules.fr\/?p=1\" class=\"more-link\">Continue reading<span class=\"screen-reader-text\"> &#8220;Nos prochaines conf\u00e9rences&#8221;<\/span><\/a><\/p>\n","protected":false},"author":1,"featured_media":0,"comment_status":"closed","ping_status":"closed","sticky":false,"template":"","format":"standard","meta":{"footnotes":""},"categories":[1],"tags":[],"_links":{"self":[{"href":"https:\/\/aspv-veules.fr\/index.php?rest_route=\/wp\/v2\/posts\/1"}],"collection":[{"href":"https:\/\/aspv-veules.fr\/index.php?rest_route=\/wp\/v2\/posts"}],"about":[{"href":"https:\/\/aspv-veules.fr\/index.php?rest_route=\/wp\/v2\/types\/post"}],"author":[{"embeddable":true,"href":"https:\/\/aspv-veules.fr\/index.php?rest_route=\/wp\/v2\/users\/1"}],"replies":[{"embeddable":true,"href":"https:\/\/aspv-veules.fr\/index.php?rest_route=%2Fwp%2Fv2%2Fcomments&post=1"}],"version-history":[{"count":163,"href":"https:\/\/aspv-veules.fr\/index.php?rest_route=\/wp\/v2\/posts\/1\/revisions"}],"predecessor-version":[{"id":1004,"href":"https:\/\/aspv-veules.fr\/index.php?rest_route=\/wp\/v2\/posts\/1\/revisions\/1004"}],"wp:attachment":[{"href":"https:\/\/aspv-veules.fr\/index.php?rest_route=%2Fwp%2Fv2%2Fmedia&parent=1"}],"wp:term":[{"taxonomy":"category","embeddable":true,"href":"https:\/\/aspv-veules.fr\/index.php?rest_route=%2Fwp%2Fv2%2Fcategories&post=1"},{"taxonomy":"post_tag","embeddable":true,"href":"https:\/\/aspv-veules.fr\/index.php?rest_route=%2Fwp%2Fv2%2Ftags&post=1"}],"curies":[{"name":"wp","href":"https:\/\/api.w.org\/{rel}","templated":true}]}}