{"id":901,"date":"2025-09-20T11:08:10","date_gmt":"2025-09-20T09:08:10","guid":{"rendered":"http:\/\/aspv-veules.fr\/?p=901"},"modified":"2025-09-20T11:12:35","modified_gmt":"2025-09-20T09:12:35","slug":"ag-2025","status":"publish","type":"post","link":"https:\/\/aspv-veules.fr\/?p=901","title":{"rendered":"AG 2025"},"content":{"rendered":"\n<h1 class=\"wp-block-heading\">\u00ab\u00a0Une AG soud\u00e9e autour du Vieux Ch\u00e2teau\u00a0\u00bb<\/h1>\n\n\n\n<p>L\u2019Association pour la Sauvegarde du Patrimoine Veulais (ASPV) a tenu son Assembl\u00e9e G\u00e9n\u00e9rale annuelle samedi 13 septembre, occasion pour les 10 membres du Conseil d\u2019Administration de partager avec les quelques 120 adh\u00e9rents de l\u2019association le bilan de l\u2019ann\u00e9e \u00e9coul\u00e9e : actions de d\u00e9veloppement culturel (conf\u00e9rences, visites de monuments, ateliers participatifs, publications) et actions en mati\u00e8re d\u2019urbanisme ont \u00e9t\u00e9 expos\u00e9es de fa\u00e7on d\u00e9taill\u00e9e.<\/p>\n\n\n\n<p>Une large part de l\u2019agenda a bien entendu \u00e9t\u00e9 consacr\u00e9e au recours engag\u00e9 contre la DUP du Vieux Ch\u00e2teau par l\u2019association en d\u00e9but d\u2019ann\u00e9e, assortie d\u2019une demande de m\u00e9diation accept\u00e9e par le tribunal administratif et les parties prenantes au dossier.<\/p>\n\n\n\n<p>Thibault Delorme, Pr\u00e9sident de l\u2019association, a soulign\u00e9 le caract\u00e8re ouvert et constructif des discussions engag\u00e9es depuis juillet avec la municipalit\u00e9 dans le cadre de la m\u00e9diation, et son espoir que les points encore bloquants pour un accord puissent trouver prochainement une issue positive.<\/p>\n\n\n\n<p>Il a \u00e9galement tenu \u00e0 rappeler que l\u2019ASPV agit de sa propre initiative et en toute ind\u00e9pendance dans ce dossier, s\u2019inscrivant en faux contre certaines tentatives r\u00e9centes de r\u00e9cup\u00e9ration partisane.<\/p>\n\n\n\n<h2 class=\"wp-block-heading\"><\/h2>\n","protected":false},"excerpt":{"rendered":"<p>\u00ab\u00a0Une AG soud\u00e9e autour du Vieux Ch\u00e2teau\u00a0\u00bb L\u2019Association pour la Sauvegarde du Patrimoine Veulais (ASPV) a tenu son Assembl\u00e9e G\u00e9n\u00e9rale annuelle samedi 13 septembre, occasion pour les 10 membres du Conseil d\u2019Administration de partager avec les quelques 120 adh\u00e9rents de l\u2019association le bilan de l\u2019ann\u00e9e \u00e9coul\u00e9e : actions de d\u00e9veloppement culturel (conf\u00e9rences, visites de monuments, &hellip; <\/p>\n<p class=\"link-more\"><a href=\"https:\/\/aspv-veules.fr\/?p=901\" class=\"more-link\">Continue reading<span class=\"screen-reader-text\"> &#8220;AG 2025&#8221;<\/span><\/a><\/p>\n","protected":false},"author":1,"featured_media":0,"comment_status":"open","ping_status":"open","sticky":false,"template":"","format":"standard","meta":{"footnotes":""},"categories":[1],"tags":[],"_links":{"self":[{"href":"https:\/\/aspv-veules.fr\/index.php?rest_route=\/wp\/v2\/posts\/901"}],"collection":[{"href":"https:\/\/aspv-veules.fr\/index.php?rest_route=\/wp\/v2\/posts"}],"about":[{"href":"https:\/\/aspv-veules.fr\/index.php?rest_route=\/wp\/v2\/types\/post"}],"author":[{"embeddable":true,"href":"https:\/\/aspv-veules.fr\/index.php?rest_route=\/wp\/v2\/users\/1"}],"replies":[{"embeddable":true,"href":"https:\/\/aspv-veules.fr\/index.php?rest_route=%2Fwp%2Fv2%2Fcomments&post=901"}],"version-history":[{"count":7,"href":"https:\/\/aspv-veules.fr\/index.php?rest_route=\/wp\/v2\/posts\/901\/revisions"}],"predecessor-version":[{"id":933,"href":"https:\/\/aspv-veules.fr\/index.php?rest_route=\/wp\/v2\/posts\/901\/revisions\/933"}],"wp:attachment":[{"href":"https:\/\/aspv-veules.fr\/index.php?rest_route=%2Fwp%2Fv2%2Fmedia&parent=901"}],"wp:term":[{"taxonomy":"category","embeddable":true,"href":"https:\/\/aspv-veules.fr\/index.php?rest_route=%2Fwp%2Fv2%2Fcategories&post=901"},{"taxonomy":"post_tag","embeddable":true,"href":"https:\/\/aspv-veules.fr\/index.php?rest_route=%2Fwp%2Fv2%2Ftags&post=901"}],"curies":[{"name":"wp","href":"https:\/\/api.w.org\/{rel}","templated":true}]}}