{"id":949,"date":"2025-10-24T10:38:51","date_gmt":"2025-10-24T08:38:51","guid":{"rendered":"https:\/\/aspv-veules.fr\/?p=949"},"modified":"2025-10-24T10:59:42","modified_gmt":"2025-10-24T08:59:42","slug":"nouveaux-livrets-disponibles-chez-zulma","status":"publish","type":"post","link":"https:\/\/aspv-veules.fr\/?p=949","title":{"rendered":"Nouveaux livrets disponibles chez ZULMA"},"content":{"rendered":"\n<p>4 livrets \u00e9dit\u00e9s par l&#8217;ASPV ont fait l&#8217;objet d&#8217;une nouvelle \u00e9dition.<\/p>\n\n\n\n<p><strong>Vous pouvez les trouver \u00e0 la librairie ZULMA de Veules-les-Roses<\/strong><\/p>\n\n\n<div class=\"wp-block-image\">\n<figure class=\"aligncenter size-large is-resized\"><img loading=\"lazy\" decoding=\"async\" width=\"768\" height=\"1024\" src=\"https:\/\/aspv-veules.fr\/wp-content\/uploads\/2025\/10\/20251023_122711-768x1024.jpg\" alt=\"\" class=\"wp-image-950\" style=\"width:454px;height:auto\" srcset=\"https:\/\/aspv-veules.fr\/wp-content\/uploads\/2025\/10\/20251023_122711-768x1024.jpg 768w, https:\/\/aspv-veules.fr\/wp-content\/uploads\/2025\/10\/20251023_122711-225x300.jpg 225w, https:\/\/aspv-veules.fr\/wp-content\/uploads\/2025\/10\/20251023_122711-1152x1536.jpg 1152w, https:\/\/aspv-veules.fr\/wp-content\/uploads\/2025\/10\/20251023_122711-1536x2048.jpg 1536w, https:\/\/aspv-veules.fr\/wp-content\/uploads\/2025\/10\/20251023_122711-scaled.jpg 1920w\" sizes=\"(max-width: 767px) 89vw, (max-width: 1000px) 54vw, (max-width: 1071px) 543px, 580px\" \/><\/figure><\/div>\n\n\n<p><strong>Patrimoine culinaire<\/strong> La cuisine de nos grands m\u00e8res (<em>collectif<\/em>)<\/p>\n\n\n\n<p><strong>Les moulins de Veules les Roses<\/strong> (<em>Pierre Vialle<\/em>)<\/p>\n\n\n\n<p><strong>A Veules-les-Roses des r\u00e9sistantes de la premi\u00e8re heure<\/strong> (<em>Yves Morat<\/em>)<\/p>\n\n\n\n<p><strong>Les s\u00e9jours de Victor Hugo \u00e0 Veules-en-Caux chez Paul Meurice<\/strong> (<em>Yves Morat<\/em>)<\/p>\n\n\n\n<p>Ils s&#8217;ajoutent aux deux livrets disponibles, chez Zulma, depuis mai 2025<\/p>\n\n\n<div class=\"wp-block-image\">\n<figure class=\"aligncenter size-large is-resized\"><img loading=\"lazy\" decoding=\"async\" width=\"1024\" height=\"721\" src=\"https:\/\/aspv-veules.fr\/wp-content\/uploads\/2025\/10\/20250513-2-livrets-1024x721.png\" alt=\"\" class=\"wp-image-957\" style=\"width:504px;height:auto\" srcset=\"https:\/\/aspv-veules.fr\/wp-content\/uploads\/2025\/10\/20250513-2-livrets-1024x721.png 1024w, https:\/\/aspv-veules.fr\/wp-content\/uploads\/2025\/10\/20250513-2-livrets-300x211.png 300w, https:\/\/aspv-veules.fr\/wp-content\/uploads\/2025\/10\/20250513-2-livrets-768x541.png 768w, https:\/\/aspv-veules.fr\/wp-content\/uploads\/2025\/10\/20250513-2-livrets.png 1038w\" sizes=\"(max-width: 767px) 89vw, (max-width: 1000px) 54vw, (max-width: 1071px) 543px, 580px\" \/><\/figure><\/div>\n\n\n<p><strong>Roses et po\u00e8mes <\/strong>(<em>Any Herv\u00e9<\/em>)<\/p>\n\n\n\n<p><strong>Le <em>Vieux-Chateau<\/em> de Veules-les-Roses<\/strong> (<em>Bernadette Chaignet-Sortais<\/em>)<\/p>\n","protected":false},"excerpt":{"rendered":"<p>4 livrets \u00e9dit\u00e9s par l&#8217;ASPV ont fait l&#8217;objet d&#8217;une nouvelle \u00e9dition. Vous pouvez les trouver \u00e0 la librairie ZULMA de Veules-les-Roses Patrimoine culinaire La cuisine de nos grands m\u00e8res (collectif) Les moulins de Veules les Roses (Pierre Vialle) A Veules-les-Roses des r\u00e9sistantes de la premi\u00e8re heure (Yves Morat) Les s\u00e9jours de Victor Hugo \u00e0 Veules-en-Caux &hellip; <\/p>\n<p class=\"link-more\"><a href=\"https:\/\/aspv-veules.fr\/?p=949\" class=\"more-link\">Continue reading<span class=\"screen-reader-text\"> &#8220;Nouveaux livrets disponibles chez ZULMA&#8221;<\/span><\/a><\/p>\n","protected":false},"author":1,"featured_media":0,"comment_status":"open","ping_status":"open","sticky":false,"template":"","format":"standard","meta":{"footnotes":""},"categories":[1],"tags":[],"_links":{"self":[{"href":"https:\/\/aspv-veules.fr\/index.php?rest_route=\/wp\/v2\/posts\/949"}],"collection":[{"href":"https:\/\/aspv-veules.fr\/index.php?rest_route=\/wp\/v2\/posts"}],"about":[{"href":"https:\/\/aspv-veules.fr\/index.php?rest_route=\/wp\/v2\/types\/post"}],"author":[{"embeddable":true,"href":"https:\/\/aspv-veules.fr\/index.php?rest_route=\/wp\/v2\/users\/1"}],"replies":[{"embeddable":true,"href":"https:\/\/aspv-veules.fr\/index.php?rest_route=%2Fwp%2Fv2%2Fcomments&post=949"}],"version-history":[{"count":4,"href":"https:\/\/aspv-veules.fr\/index.php?rest_route=\/wp\/v2\/posts\/949\/revisions"}],"predecessor-version":[{"id":959,"href":"https:\/\/aspv-veules.fr\/index.php?rest_route=\/wp\/v2\/posts\/949\/revisions\/959"}],"wp:attachment":[{"href":"https:\/\/aspv-veules.fr\/index.php?rest_route=%2Fwp%2Fv2%2Fmedia&parent=949"}],"wp:term":[{"taxonomy":"category","embeddable":true,"href":"https:\/\/aspv-veules.fr\/index.php?rest_route=%2Fwp%2Fv2%2Fcategories&post=949"},{"taxonomy":"post_tag","embeddable":true,"href":"https:\/\/aspv-veules.fr\/index.php?rest_route=%2Fwp%2Fv2%2Ftags&post=949"}],"curies":[{"name":"wp","href":"https:\/\/api.w.org\/{rel}","templated":true}]}}