{"id":965,"date":"2026-01-15T19:30:19","date_gmt":"2026-01-15T18:30:19","guid":{"rendered":"https:\/\/aspv-veules.fr\/?p=965"},"modified":"2026-01-15T19:30:19","modified_gmt":"2026-01-15T18:30:19","slug":"campagne-dadhesion-2026","status":"publish","type":"post","link":"https:\/\/aspv-veules.fr\/?p=965","title":{"rendered":"Campagne d&#8217;adh\u00e9sion 2026"},"content":{"rendered":"\n<p>En ce d\u00e9but d&#8217;ann\u00e9e, nous d\u00e9butons notre campagne d&#8217;adh\u00e9sion 2026<\/p>\n\n\n\n<p><strong>Nous vous rappelons qu\u2019en adh\u00e9rant : <\/strong><br>    . vous avez un acc\u00e8s gratuit aux conf\u00e9rences dont le calendrier figure ci-apr\u00e8s, et acc\u00e8s \u00e0 la visite<br>estivale, r\u00e9serv\u00e9e \u00e0 nos seuls membres, dont nous prenons en charge une partie des frais,<br>    . vous \u00eates destinataire, \u00e0 intervalle r\u00e9gulier, de la Lettre aux adh\u00e9rents qui vous informe sur l\u2019actualit\u00e9<br>des dossiers suivis par l\u2019ASPV et sur les ateliers en cours,<br>    . vous permettez \u00e0 l\u2019Association d\u2019avoir une repr\u00e9sentativit\u00e9 encore plus forte et partant un poids plus<br>grand dans les \u00e9changes qu\u2019elle peut avoir avec les collectivit\u00e9s ou organismes publics sur toutes les<br>questions relevant de la protection et \u00e0 la sauvegarde du patrimoine mat\u00e9riel et immat\u00e9riel de Veules<br>les-Roses et de ses environs.<\/p>\n\n\n\n<p><strong>Vous trouverez les modalit\u00e9s d&#8217;inscription en page &#8220;Comment adh\u00e9rer ?&#8221;<\/strong><\/p>\n","protected":false},"excerpt":{"rendered":"<p>En ce d\u00e9but d&#8217;ann\u00e9e, nous d\u00e9butons notre campagne d&#8217;adh\u00e9sion 2026 Nous vous rappelons qu\u2019en adh\u00e9rant : . vous avez un acc\u00e8s gratuit aux conf\u00e9rences dont le calendrier figure ci-apr\u00e8s, et acc\u00e8s \u00e0 la visiteestivale, r\u00e9serv\u00e9e \u00e0 nos seuls membres, dont nous prenons en charge une partie des frais, . vous \u00eates destinataire, \u00e0 intervalle r\u00e9gulier, &hellip; <\/p>\n<p class=\"link-more\"><a href=\"https:\/\/aspv-veules.fr\/?p=965\" class=\"more-link\">Continue reading<span class=\"screen-reader-text\"> &#8220;Campagne d&#8217;adh\u00e9sion 2026&#8221;<\/span><\/a><\/p>\n","protected":false},"author":1,"featured_media":0,"comment_status":"open","ping_status":"open","sticky":false,"template":"","format":"standard","meta":{"footnotes":""},"categories":[1],"tags":[],"_links":{"self":[{"href":"https:\/\/aspv-veules.fr\/index.php?rest_route=\/wp\/v2\/posts\/965"}],"collection":[{"href":"https:\/\/aspv-veules.fr\/index.php?rest_route=\/wp\/v2\/posts"}],"about":[{"href":"https:\/\/aspv-veules.fr\/index.php?rest_route=\/wp\/v2\/types\/post"}],"author":[{"embeddable":true,"href":"https:\/\/aspv-veules.fr\/index.php?rest_route=\/wp\/v2\/users\/1"}],"replies":[{"embeddable":true,"href":"https:\/\/aspv-veules.fr\/index.php?rest_route=%2Fwp%2Fv2%2Fcomments&post=965"}],"version-history":[{"count":1,"href":"https:\/\/aspv-veules.fr\/index.php?rest_route=\/wp\/v2\/posts\/965\/revisions"}],"predecessor-version":[{"id":966,"href":"https:\/\/aspv-veules.fr\/index.php?rest_route=\/wp\/v2\/posts\/965\/revisions\/966"}],"wp:attachment":[{"href":"https:\/\/aspv-veules.fr\/index.php?rest_route=%2Fwp%2Fv2%2Fmedia&parent=965"}],"wp:term":[{"taxonomy":"category","embeddable":true,"href":"https:\/\/aspv-veules.fr\/index.php?rest_route=%2Fwp%2Fv2%2Fcategories&post=965"},{"taxonomy":"post_tag","embeddable":true,"href":"https:\/\/aspv-veules.fr\/index.php?rest_route=%2Fwp%2Fv2%2Ftags&post=965"}],"curies":[{"name":"wp","href":"https:\/\/api.w.org\/{rel}","templated":true}]}}